{"id":1315,"date":"2025-05-26T23:24:45","date_gmt":"2025-05-26T21:24:45","guid":{"rendered":"https:\/\/aoa2pournotreetoile.fr\/?p=1315"},"modified":"2025-05-26T23:26:08","modified_gmt":"2025-05-26T21:26:08","slug":"17-mai-2025-fete-de-la-marche-nordique-et-de-la-randonnee","status":"publish","type":"post","link":"https:\/\/aoa2pournotreetoile.fr\/index.php\/2025\/05\/26\/17-mai-2025-fete-de-la-marche-nordique-et-de-la-randonnee\/","title":{"rendered":"17 mai 2025: F\u00eate de la Marche Nordique et de la Randonn\u00e9e"},"content":{"rendered":"\n<p>Belle r\u00e9ussite pour cette journ\u00e9e qui a r\u00e9uni plus de 240 marcheurs, organisation au top du club vosgien et parcours dans un cadre magnifique. <\/p>\n\n\n\n<p>Place privil\u00e9gi\u00e9e pour notre stand au bord du lac et premi\u00e8res flams \u00a0\u00bb la vosgienne\u00a0\u00bb pomme myrtille pour la team. <\/p>\n\n\n\n<p>Merci Gerard pour ton invitation et \u00e0 nos b\u00e9n\u00e9voles qui ont remis le tablier.<\/p>\n\n\n\n<figure class=\"wp-block-image size-large\"><img loading=\"lazy\" decoding=\"async\" width=\"819\" height=\"1024\" src=\"https:\/\/aoa2pournotreetoile.fr\/wp-content\/uploads\/2025\/05\/marche-pop-17-05-club-vosgien-819x1024.jpg\" alt=\"\" class=\"wp-image-1316\" srcset=\"https:\/\/aoa2pournotreetoile.fr\/wp-content\/uploads\/2025\/05\/marche-pop-17-05-club-vosgien-819x1024.jpg 819w, https:\/\/aoa2pournotreetoile.fr\/wp-content\/uploads\/2025\/05\/marche-pop-17-05-club-vosgien-240x300.jpg 240w, https:\/\/aoa2pournotreetoile.fr\/wp-content\/uploads\/2025\/05\/marche-pop-17-05-club-vosgien-768x960.jpg 768w, https:\/\/aoa2pournotreetoile.fr\/wp-content\/uploads\/2025\/05\/marche-pop-17-05-club-vosgien-1229x1536.jpg 1229w, https:\/\/aoa2pournotreetoile.fr\/wp-content\/uploads\/2025\/05\/marche-pop-17-05-club-vosgien.jpg 1280w\" sizes=\"auto, (max-width: 819px) 100vw, 819px\" \/><\/figure>\n","protected":false},"excerpt":{"rendered":"<p>Belle r\u00e9ussite pour cette journ\u00e9e qui a r\u00e9uni plus de 240 marcheurs, organisation au top du club vosgien et parcours<\/p>\n","protected":false},"author":1,"featured_media":0,"comment_status":"closed","ping_status":"closed","sticky":false,"template":"","format":"standard","meta":{"footnotes":""},"categories":[12],"tags":[],"class_list":["post-1315","post","type-post","status-publish","format-standard","hentry","category-sport"],"jetpack_featured_media_url":"","_links":{"self":[{"href":"https:\/\/aoa2pournotreetoile.fr\/index.php\/wp-json\/wp\/v2\/posts\/1315","targetHints":{"allow":["GET"]}}],"collection":[{"href":"https:\/\/aoa2pournotreetoile.fr\/index.php\/wp-json\/wp\/v2\/posts"}],"about":[{"href":"https:\/\/aoa2pournotreetoile.fr\/index.php\/wp-json\/wp\/v2\/types\/post"}],"author":[{"embeddable":true,"href":"https:\/\/aoa2pournotreetoile.fr\/index.php\/wp-json\/wp\/v2\/users\/1"}],"replies":[{"embeddable":true,"href":"https:\/\/aoa2pournotreetoile.fr\/index.php\/wp-json\/wp\/v2\/comments?post=1315"}],"version-history":[{"count":1,"href":"https:\/\/aoa2pournotreetoile.fr\/index.php\/wp-json\/wp\/v2\/posts\/1315\/revisions"}],"predecessor-version":[{"id":1317,"href":"https:\/\/aoa2pournotreetoile.fr\/index.php\/wp-json\/wp\/v2\/posts\/1315\/revisions\/1317"}],"wp:attachment":[{"href":"https:\/\/aoa2pournotreetoile.fr\/index.php\/wp-json\/wp\/v2\/media?parent=1315"}],"wp:term":[{"taxonomy":"category","embeddable":true,"href":"https:\/\/aoa2pournotreetoile.fr\/index.php\/wp-json\/wp\/v2\/categories?post=1315"},{"taxonomy":"post_tag","embeddable":true,"href":"https:\/\/aoa2pournotreetoile.fr\/index.php\/wp-json\/wp\/v2\/tags?post=1315"}],"curies":[{"name":"wp","href":"https:\/\/api.w.org\/{rel}","templated":true}]}}